{"id":110967,"date":"2024-01-17T17:43:53","date_gmt":"2024-01-17T20:43:53","guid":{"rendered":"https:\/\/imova.cl\/?p=110967"},"modified":"2024-04-17T11:00:50","modified_gmt":"2024-04-17T14:00:50","slug":"como-la-academia-y-las-empresas-tecnologicas-han-definido-la-computacion-espacial","status":"publish","type":"post","link":"https:\/\/imova.cl\/en\/xrhub\/como-la-academia-y-las-empresas-tecnologicas-han-definido-la-computacion-espacial\/","title":{"rendered":"C\u00f3mo la academia y las empresas tecnol\u00f3gicas han definido la computaci\u00f3n espacial"},"content":{"rendered":"\n<p>Para muchos profesionales, la conferencia WWDC de Apple en junio pasado podr\u00eda haber sido el primer lugar donde escucharon el t\u00e9rmino computaci\u00f3n espacial, sin embargo, el t\u00e9rmino existe desde hace un tiempo y muchos profesionales han estado trabajando en ello. Aqu\u00ed te dejamos algunas reflexiones en torno a visionarios creativos y acad\u00e9micos que definen el tema.&nbsp;&nbsp;<\/p>\n\n\n\n<figure class=\"wp-block-image size-large\"><img decoding=\"async\" width=\"1024\" height=\"585\" src=\"https:\/\/imova.cl\/wp-content\/uploads\/2024\/01\/2-2-1024x585.png\" alt=\"Computaci\u00f3n Espacial\" class=\"wp-image-110969\" srcset=\"https:\/\/imova.cl\/wp-content\/uploads\/2024\/01\/2-2-1024x585.png 1024w, https:\/\/imova.cl\/wp-content\/uploads\/2024\/01\/2-2-300x171.png 300w, https:\/\/imova.cl\/wp-content\/uploads\/2024\/01\/2-2-768x439.png 768w, https:\/\/imova.cl\/wp-content\/uploads\/2024\/01\/2-2-1536x878.png 1536w, https:\/\/imova.cl\/wp-content\/uploads\/2024\/01\/2-2-18x10.png 18w, https:\/\/imova.cl\/wp-content\/uploads\/2024\/01\/2-2.png 1792w\" sizes=\"(max-width: 1024px) 100vw, 1024px\" \/><\/figure>\n\n\n\n<p>Muchos atribuyen la introducci\u00f3n acad\u00e9mica del t\u00e9rmino computaci\u00f3n espacial <a href=\"https:\/\/acg.media.mit.edu\/people\/simong\/thesis\/SpatialComputing.pdf\"><strong><em>a la tesis de maestr\u00eda del MIT de 2003 de Simon Greenwold<\/em><\/strong><\/a>. Como investigador del grupo de <a href=\"https:\/\/acg.media.mit.edu\"><strong><em>Est\u00e9tica y Computaci\u00f3n del MIT Media Lab<\/em><\/strong><\/a>, Greenwold explor\u00f3 contextos espaciales para construcciones computacionales. En su tesis de 2003 define la computaci\u00f3n espacial como:<\/p>\n\n\n\n<p>\u201c&#8230;interacci\u00f3n humana con una m\u00e1quina en la que la m\u00e1quina retiene y manipula referentes a objetos y espacios reales. [La Computaci\u00f3n Espacial] es un componente esencial para hacer que nuestras m\u00e1quinas sean socios m\u00e1s completos en nuestro trabajo y juego\u201d.<\/p>\n\n\n\n<p>Greenwold continu\u00f3 describiendo la computaci\u00f3n espacial, \u201c&#8230;como la interacci\u00f3n humana con una m\u00e1quina en la que la m\u00e1quina retiene y manipula referentes a objetos y espacios reales. Idealmente, estos objetos y espacios reales tienen un significado previo para el usuario. La computaci\u00f3n espacial est\u00e1 m\u00e1s interesada en las cualidades de la experiencia. Principalmente, significa dise\u00f1ar sistemas que superen los l\u00edmites tradicionales de la pantalla y el teclado sin quedarse estancados y fundirse en una interfaz o una simulaci\u00f3n suave. Para que nuestras m\u00e1quinas se conviertan en socios m\u00e1s plenos de nuestro trabajo y juego, tendr\u00e1n que unirse a nosotros en nuestro mundo f\u00edsico. Tendr\u00e1n que operar con los mismos objetos que nosotros, y nosotros necesitaremos operar con ellos utilizando nuestras intuiciones f\u00edsicas\u201d.<\/p>\n\n\n\n<p>La definici\u00f3n de Greenwold no es la \u00fanica que existe. Magic Leap, que alguna vez fue uno de los favoritos del mundo del capital de riesgo y la tecnolog\u00eda, describi\u00f3 desde el principio el dispositivo que estaban construyendo como un dispositivo de computaci\u00f3n espacial. Definieron la <a href=\"https:\/\/www.asme.org\/topics-resources\/content\/6-questions-with-magic-leap-cathy-hackl\"><strong><em>computaci\u00f3n espacial<\/em><\/strong><\/a> como una nueva forma de computaci\u00f3n que utiliza inteligencia artificial y visi\u00f3n por computadora para combinar a la perfecci\u00f3n contenido virtual con el mundo f\u00edsico que nos rodea. Lo hicieron a trav\u00e9s de un dispositivo llamado Magic Leap One. En un art\u00edculo de 2018 titulado <a href=\"https:\/\/www.magicleap.com\/news\"><strong><em>Computaci\u00f3n espacial: una descripci\u00f3n general para nuestros amigos tecnol\u00f3gicos<\/em><\/strong><\/a>, escrito por el exdirector ejecutivo Rony Abovitz y varios otros empleados destacados de Magic Leap, explican c\u00f3mo la compa\u00f1\u00eda defini\u00f3 la computaci\u00f3n espacial como una nueva forma de computaci\u00f3n que permite que el contenido digital vaya m\u00e1s all\u00e1. los l\u00edmites de las pantallas 2D y las computadoras de hoy. Desde entonces, Magic Leap ha dejado de utilizar el t\u00e9rmino &#8220;computaci\u00f3n espacial&#8221; para utilizar el t\u00e9rmino realidad aumentada (AR), como se ve en sus  <a href=\"https:\/\/www.foxbusiness.com\/video\/6336154362112\"><em><strong>entrevistas m\u00e1s recientes con los medios<\/strong><\/em><\/a> y en su sitio web.<\/p>\n\n\n\n<p>Durante el discurso de apertura de la WWDC de Apple en junio de 2023, el director ejecutivo de Apple, Tim Cook, dijo que la computaci\u00f3n espacial &#8220;combina a la perfecci\u00f3n el contenido digital con el mundo f\u00edsico al tiempo que permite a los usuarios permanecer presentes y conectados con los dem\u00e1s&#8221;. Este mensaje se refleja a\u00fan m\u00e1s en su <a href=\"https:\/\/www.apple.com\/newsroom\/2023\/06\/introducing-apple-vision-pro\/\" target=\"_blank\" rel=\"noreferrer noopener\"><strong><em>sitio web<\/em><\/strong><\/a> y en su literatura sobre <a href=\"https:\/\/developer.apple.com\/visionos\/\"><strong><em>visionOS<\/em><\/strong><\/a> para desarrolladores.<\/p>\n\n\n\n<p><a href=\"https:\/\/www.facebook.com\/MetaforDevelopers\/videos\/276458118678817\" target=\"_blank\" rel=\"noreferrer noopener\"><strong><em>Durante la conferencia de desarrolladores Meta Connect<\/em><\/strong><\/a>&nbsp;del a\u00f1o pasado, el CEO de Meta, Mark Zuckerberg, anunci\u00f3 el lanzamiento de su Meta Quest 3, que utiliza nuevos chips que permiten al dispositivo ofrecer una mejor realidad mixta, un mejor escaneo del mundo f\u00edsico a trav\u00e9s de mapeo espacial avanzado y anclaje espacial de objetos virtuales a los que los usuarios pueden volver cada vez que utilizan el dispositivo.&nbsp;Zuckerberg tambi\u00e9n habl\u00f3 sobre el inicio de la pr\u00f3xima plataforma inform\u00e1tica a trav\u00e9s de avances en gafas inteligentes.&nbsp;El CTO de Meta, Andrew Bosworth, proclam\u00f3 que sus nuevos auriculares eran &#8220;los auriculares para inform\u00e1tica espacial con mejor relaci\u00f3n calidad-precio del mercado durante mucho tiempo&#8221;.&nbsp;La compa\u00f1\u00eda tambi\u00e9n anunci\u00f3 sus nuevas&nbsp;<a href=\"https:\/\/www.meta.com\/smart-glasses\/\" target=\"_blank\" rel=\"noreferrer noopener\"><strong><em>Ray-Ban Meta Smart Glasses<\/em><\/strong><\/a>&nbsp;, que se han vuelto multimodales, lo que permite que las gafas comprendan el mundo que rodea a sus usuarios utilizando IA.<\/p>\n\n\n\n<p><a href=\"https:\/\/www.microsoft.com\/en-us\/research\/publication\/spatial-computing-and-intuitive-interaction-bringing-mixed-reality-and-robotics-together\/\" target=\"_blank\" rel=\"noreferrer noopener\"><strong><em>Microsoft ha definido<\/em><\/strong><\/a>&nbsp;la computaci\u00f3n espacial como la capacidad de los dispositivos de ser conscientes de su entorno y representarlo digitalmente.&nbsp;Microsoft ha dicho que la computaci\u00f3n espacial ofrece capacidades novedosas en la interacci\u00f3n entre humanos y robots.<\/p>\n\n\n\n<figure class=\"wp-block-image size-large\"><img decoding=\"async\" width=\"1024\" height=\"1024\" src=\"https:\/\/imova.cl\/wp-content\/uploads\/2024\/01\/1-2-1024x1024.png\" alt=\"\" class=\"wp-image-110970\" srcset=\"https:\/\/imova.cl\/wp-content\/uploads\/2024\/01\/1-2-1024x1024.png 1024w, https:\/\/imova.cl\/wp-content\/uploads\/2024\/01\/1-2-300x300.png 300w, https:\/\/imova.cl\/wp-content\/uploads\/2024\/01\/1-2-150x150.png 150w, https:\/\/imova.cl\/wp-content\/uploads\/2024\/01\/1-2-768x768.png 768w, https:\/\/imova.cl\/wp-content\/uploads\/2024\/01\/1-2-1536x1536.png 1536w, https:\/\/imova.cl\/wp-content\/uploads\/2024\/01\/1-2-12x12.png 12w, https:\/\/imova.cl\/wp-content\/uploads\/2024\/01\/1-2-100x100.png 100w, https:\/\/imova.cl\/wp-content\/uploads\/2024\/01\/1-2-140x140.png 140w, https:\/\/imova.cl\/wp-content\/uploads\/2024\/01\/1-2-500x500.png 500w, https:\/\/imova.cl\/wp-content\/uploads\/2024\/01\/1-2-350x350.png 350w, https:\/\/imova.cl\/wp-content\/uploads\/2024\/01\/1-2-1000x1000.png 1000w, https:\/\/imova.cl\/wp-content\/uploads\/2024\/01\/1-2-800x800.png 800w, https:\/\/imova.cl\/wp-content\/uploads\/2024\/01\/1-2.png 1792w\" sizes=\"(max-width: 1024px) 100vw, 1024px\" \/><\/figure>\n\n\n\n<p><strong><em><a href=\"https:\/\/aws.amazon.com\/es\/blogs\/spatial\/exploring-the-spatial-computing-spectrum-the-next-frontier-of-immersive-technologies\/#:~:text=Spatial%20computing%20is%20the%20combination,information%20onto%20the%20physical%20world.\">Amazon Web Services (AWS)<\/a><\/em><\/strong>&nbsp;&nbsp;lo define como la combinaci\u00f3n de los mundos virtual y f\u00edsico que permite a los usuarios interactuar con contenido digital de forma natural e intuitiva, al permitir virtualizar nuestro mundo f\u00edsico y superponer informaci\u00f3n virtual al mundo f\u00edsico.&nbsp;Para AWS, esta combinaci\u00f3n mejora la forma en que visualizamos, simulamos e interactuamos con datos en ubicaciones f\u00edsicas o virtuales.&nbsp;En su publicaci\u00f3n,&nbsp;<strong><em><a href=\"https:\/\/aws.amazon.com\/es\/blogs\/spatial\/exploring-the-spatial-computing-spectrum-the-next-frontier-of-immersive-technologies\/#:~:text=Spatial%20computing%20is%20the%20combination,information%20onto%20the%20physical%20world.\" target=\"_blank\" rel=\"noreferrer noopener\">&#8220;La mejor manera de predecir el futuro es simularlo&#8221;<\/a>&nbsp;<\/em><\/strong>, el vicepresidente de tecnolog\u00eda de Amazon, Bill Vass, afirm\u00f3: &#8220;La computaci\u00f3n espacial es lo que impulsa las experiencias colaborativas&#8221;.<\/p>\n\n\n\n<p>Adem\u00e1s, en el libro&nbsp;<a href=\"https:\/\/www.amazon.com\/Infinite-Retina-Computing-technologies-revolution\/dp\/1838824049\" target=\"_blank\" rel=\"noreferrer noopener\"><em><strong>La Retina Infinita<\/strong><\/em><\/a>, el t\u00e9rmino se analiza as\u00ed: \u201ccon la Computaci\u00f3n Espacial, el Cuarto Paradigma, la inform\u00e1tica escapa de las pantallas peque\u00f1as y puede estar a nuestro alrededor.&nbsp;Definimos Computaci\u00f3n Espacial como la computaci\u00f3n por la que se mueven humanos, seres virtuales o robots.&nbsp;Incluye lo que otros definen como computaci\u00f3n ambiental, computaci\u00f3n ubicua o realidad mixta.&nbsp;Vemos que esta era tambi\u00e9n incluye cosas como veh\u00edculos aut\u00f3nomos, robots de reparto y las tecnolog\u00edas de componentes que respaldan este nuevo tipo de computaci\u00f3n, ya sean sensores l\u00e1ser, realidad aumentada, incluido el aprendizaje autom\u00e1tico y la visi\u00f3n por computadora, o nuevos tipos de pantallas que permiten a las personas ver y manipular computaci\u00f3n centrada en 3D\u201d.<\/p>\n\n\n\n<p>Esta semana, seguramente escucharemos a muchas otras empresas de tecnolog\u00eda sobre lo que planean hacer en computaci\u00f3n espacial, especialmente en el contexto de la revoluci\u00f3n actual de la IA.<\/p>\n\n\n\n<p>En resumen, estamos muy expectantes de lo que nos depara el futuro en la creaci\u00f3n de nuevas realidades en la computaci\u00f3n espacial. Estamos convencidos que las simulaciones virtuales se convertir\u00e1n en aliados plenos de mundo laboral y recreativo.<\/p>\n\n\n\n<p>Te invitamos a conocer nuestros simuladores: <\/p>\n\n\n\n<figure class=\"wp-block-embed is-type-video is-provider-youtube wp-block-embed-youtube wp-embed-aspect-16-9 wp-has-aspect-ratio\"><div class=\"wp-block-embed__wrapper\">\n<iframe title=\"IMOVA - Sistema colaborativo multiusuario\" width=\"1080\" height=\"608\" src=\"https:\/\/www.youtube.com\/embed\/EdG_oA0l-wM?feature=oembed&#038;enablejsapi=1&#038;origin=https:\/\/imova.cl\" frameborder=\"0\" allow=\"accelerometer; autoplay; clipboard-write; encrypted-media; gyroscope; picture-in-picture; web-share\" referrerpolicy=\"strict-origin-when-cross-origin\" allowfullscreen><\/iframe>\n<\/div><\/figure>\n","protected":false},"excerpt":{"rendered":"<p>Para muchos profesionales, la conferencia WWDC de Apple en junio pasado podr\u00eda haber sido el primer lugar donde escucharon el t\u00e9rmino computaci\u00f3n espacial<\/p>","protected":false},"author":8,"featured_media":110969,"comment_status":"open","ping_status":"open","sticky":false,"template":"","format":"standard","meta":{"footnotes":""},"categories":[61,56,71],"tags":[],"yoast_head":"<!-- This site is optimized with the Yoast SEO plugin v22.5 - https:\/\/yoast.com\/wordpress\/plugins\/seo\/ -->\n<title>C\u00f3mo la academia y las empresas tecnol\u00f3gicas han definido la computaci\u00f3n espacial - IMOVA<\/title>\n<meta name=\"description\" content=\"\u00a0Definimos Computaci\u00f3n Espacial como la computaci\u00f3n por la que se mueven humanos, seres virtuales o robots.\u00a0\" \/>\n<meta name=\"robots\" content=\"index, follow, max-snippet:-1, max-image-preview:large, max-video-preview:-1\" \/>\n<link rel=\"canonical\" href=\"https:\/\/imova.cl\/en\/xrhub\/como-la-academia-y-las-empresas-tecnologicas-han-definido-la-computacion-espacial\/\" \/>\n<meta property=\"og:locale\" content=\"en_GB\" \/>\n<meta property=\"og:type\" content=\"article\" \/>\n<meta property=\"og:title\" content=\"C\u00f3mo la academia y las empresas tecnol\u00f3gicas han definido la computaci\u00f3n espacial - IMOVA\" \/>\n<meta property=\"og:description\" content=\"\u00a0Definimos Computaci\u00f3n Espacial como la computaci\u00f3n por la que se mueven humanos, seres virtuales o robots.\u00a0\" \/>\n<meta property=\"og:url\" content=\"https:\/\/imova.cl\/en\/xrhub\/como-la-academia-y-las-empresas-tecnologicas-han-definido-la-computacion-espacial\/\" \/>\n<meta property=\"og:site_name\" content=\"IMOVA\" \/>\n<meta property=\"article:published_time\" content=\"2024-01-17T20:43:53+00:00\" \/>\n<meta property=\"article:modified_time\" content=\"2024-04-17T14:00:50+00:00\" \/>\n<meta property=\"og:image\" content=\"https:\/\/imova.cl\/wp-content\/uploads\/2024\/01\/2-2-1024x585.png\" \/>\n\t<meta property=\"og:image:width\" content=\"1024\" \/>\n\t<meta property=\"og:image:height\" content=\"585\" \/>\n\t<meta property=\"og:image:type\" content=\"image\/png\" \/>\n<meta name=\"author\" content=\"IML\" \/>\n<meta name=\"twitter:card\" content=\"summary_large_image\" \/>\n<meta name=\"twitter:label1\" content=\"Written by\" \/>\n\t<meta name=\"twitter:data1\" content=\"IML\" \/>\n\t<meta name=\"twitter:label2\" content=\"Estimated reading time\" \/>\n\t<meta name=\"twitter:data2\" content=\"6 minutes\" \/>\n<script type=\"application\/ld+json\" class=\"yoast-schema-graph\">{\"@context\":\"https:\/\/schema.org\",\"@graph\":[{\"@type\":\"Article\",\"@id\":\"https:\/\/imova.cl\/xrhub\/como-la-academia-y-las-empresas-tecnologicas-han-definido-la-computacion-espacial\/#article\",\"isPartOf\":{\"@id\":\"https:\/\/imova.cl\/xrhub\/como-la-academia-y-las-empresas-tecnologicas-han-definido-la-computacion-espacial\/\"},\"author\":{\"name\":\"IML\",\"@id\":\"https:\/\/imova.cl\/#\/schema\/person\/75fb7372b90c227f84f808669999f748\"},\"headline\":\"C\u00f3mo la academia y las empresas tecnol\u00f3gicas han definido la computaci\u00f3n espacial\",\"datePublished\":\"2024-01-17T20:43:53+00:00\",\"dateModified\":\"2024-04-17T14:00:50+00:00\",\"mainEntityOfPage\":{\"@id\":\"https:\/\/imova.cl\/xrhub\/como-la-academia-y-las-empresas-tecnologicas-han-definido-la-computacion-espacial\/\"},\"wordCount\":1138,\"commentCount\":0,\"publisher\":{\"@id\":\"https:\/\/imova.cl\/#organization\"},\"image\":{\"@id\":\"https:\/\/imova.cl\/xrhub\/como-la-academia-y-las-empresas-tecnologicas-han-definido-la-computacion-espacial\/#primaryimage\"},\"thumbnailUrl\":\"https:\/\/imova.cl\/wp-content\/uploads\/2024\/01\/2-2.png\",\"articleSection\":[\"Empresas\",\"Realidad Virtual\",\"Tecnolog\u00eda\"],\"inLanguage\":\"en-GB\",\"potentialAction\":[{\"@type\":\"CommentAction\",\"name\":\"Comment\",\"target\":[\"https:\/\/imova.cl\/xrhub\/como-la-academia-y-las-empresas-tecnologicas-han-definido-la-computacion-espacial\/#respond\"]}]},{\"@type\":\"WebPage\",\"@id\":\"https:\/\/imova.cl\/xrhub\/como-la-academia-y-las-empresas-tecnologicas-han-definido-la-computacion-espacial\/\",\"url\":\"https:\/\/imova.cl\/xrhub\/como-la-academia-y-las-empresas-tecnologicas-han-definido-la-computacion-espacial\/\",\"name\":\"C\u00f3mo la academia y las empresas tecnol\u00f3gicas han definido la computaci\u00f3n espacial - IMOVA\",\"isPartOf\":{\"@id\":\"https:\/\/imova.cl\/#website\"},\"primaryImageOfPage\":{\"@id\":\"https:\/\/imova.cl\/xrhub\/como-la-academia-y-las-empresas-tecnologicas-han-definido-la-computacion-espacial\/#primaryimage\"},\"image\":{\"@id\":\"https:\/\/imova.cl\/xrhub\/como-la-academia-y-las-empresas-tecnologicas-han-definido-la-computacion-espacial\/#primaryimage\"},\"thumbnailUrl\":\"https:\/\/imova.cl\/wp-content\/uploads\/2024\/01\/2-2.png\",\"datePublished\":\"2024-01-17T20:43:53+00:00\",\"dateModified\":\"2024-04-17T14:00:50+00:00\",\"description\":\"\u00a0Definimos Computaci\u00f3n Espacial como la computaci\u00f3n por la que se mueven humanos, seres virtuales o robots.\u00a0\",\"breadcrumb\":{\"@id\":\"https:\/\/imova.cl\/xrhub\/como-la-academia-y-las-empresas-tecnologicas-han-definido-la-computacion-espacial\/#breadcrumb\"},\"inLanguage\":\"en-GB\",\"potentialAction\":[{\"@type\":\"ReadAction\",\"target\":[\"https:\/\/imova.cl\/xrhub\/como-la-academia-y-las-empresas-tecnologicas-han-definido-la-computacion-espacial\/\"]}]},{\"@type\":\"ImageObject\",\"inLanguage\":\"en-GB\",\"@id\":\"https:\/\/imova.cl\/xrhub\/como-la-academia-y-las-empresas-tecnologicas-han-definido-la-computacion-espacial\/#primaryimage\",\"url\":\"https:\/\/imova.cl\/wp-content\/uploads\/2024\/01\/2-2.png\",\"contentUrl\":\"https:\/\/imova.cl\/wp-content\/uploads\/2024\/01\/2-2.png\",\"width\":1792,\"height\":1024,\"caption\":\"Computaci\u00f3n Espacial\"},{\"@type\":\"BreadcrumbList\",\"@id\":\"https:\/\/imova.cl\/xrhub\/como-la-academia-y-las-empresas-tecnologicas-han-definido-la-computacion-espacial\/#breadcrumb\",\"itemListElement\":[{\"@type\":\"ListItem\",\"position\":1,\"name\":\"Portada\",\"item\":\"https:\/\/imova.cl\/\"},{\"@type\":\"ListItem\",\"position\":2,\"name\":\"C\u00f3mo la academia y las empresas tecnol\u00f3gicas han definido la computaci\u00f3n espacial\"}]},{\"@type\":\"WebSite\",\"@id\":\"https:\/\/imova.cl\/#website\",\"url\":\"https:\/\/imova.cl\/\",\"name\":\"Realidad virtual, realidad aumentada y ciencia de datos\",\"description\":\"Realidad virtual, Realidad aumentada &amp; Ciencia de datos\",\"publisher\":{\"@id\":\"https:\/\/imova.cl\/#organization\"},\"potentialAction\":[{\"@type\":\"SearchAction\",\"target\":{\"@type\":\"EntryPoint\",\"urlTemplate\":\"https:\/\/imova.cl\/?s={search_term_string}\"},\"query-input\":\"required name=search_term_string\"}],\"inLanguage\":\"en-GB\"},{\"@type\":\"Organization\",\"@id\":\"https:\/\/imova.cl\/#organization\",\"name\":\"Realidad virtual, realidad aumentada y ciencia de datos\",\"url\":\"https:\/\/imova.cl\/\",\"logo\":{\"@type\":\"ImageObject\",\"inLanguage\":\"en-GB\",\"@id\":\"https:\/\/imova.cl\/#\/schema\/logo\/image\/\",\"url\":\"https:\/\/imova.cl\/wp-content\/uploads\/2021\/05\/logo_color.png\",\"contentUrl\":\"https:\/\/imova.cl\/wp-content\/uploads\/2021\/05\/logo_color.png\",\"width\":228,\"height\":59,\"caption\":\"Realidad virtual, realidad aumentada y ciencia de datos\"},\"image\":{\"@id\":\"https:\/\/imova.cl\/#\/schema\/logo\/image\/\"},\"sameAs\":[\"https:\/\/www.linkedin.com\/company\/imovavr-ar\"]},{\"@type\":\"Person\",\"@id\":\"https:\/\/imova.cl\/#\/schema\/person\/75fb7372b90c227f84f808669999f748\",\"name\":\"IML\",\"image\":{\"@type\":\"ImageObject\",\"inLanguage\":\"en-GB\",\"@id\":\"https:\/\/imova.cl\/#\/schema\/person\/image\/\",\"url\":\"https:\/\/secure.gravatar.com\/avatar\/5ba049f0998e1176adb3b830f2912078?s=96&d=mm&r=g\",\"contentUrl\":\"https:\/\/secure.gravatar.com\/avatar\/5ba049f0998e1176adb3b830f2912078?s=96&d=mm&r=g\",\"caption\":\"IML\"},\"url\":\"https:\/\/imova.cl\/en\/xrhub\/author\/iml\/\"}]}<\/script>\n<!-- \/ Yoast SEO plugin. -->","yoast_head_json":{"title":"C\u00f3mo la academia y las empresas tecnol\u00f3gicas han definido la computaci\u00f3n espacial - IMOVA","description":"\u00a0Definimos Computaci\u00f3n Espacial como la computaci\u00f3n por la que se mueven humanos, seres virtuales o robots.\u00a0","robots":{"index":"index","follow":"follow","max-snippet":"max-snippet:-1","max-image-preview":"max-image-preview:large","max-video-preview":"max-video-preview:-1"},"canonical":"https:\/\/imova.cl\/en\/xrhub\/como-la-academia-y-las-empresas-tecnologicas-han-definido-la-computacion-espacial\/","og_locale":"en_GB","og_type":"article","og_title":"C\u00f3mo la academia y las empresas tecnol\u00f3gicas han definido la computaci\u00f3n espacial - IMOVA","og_description":"\u00a0Definimos Computaci\u00f3n Espacial como la computaci\u00f3n por la que se mueven humanos, seres virtuales o robots.\u00a0","og_url":"https:\/\/imova.cl\/en\/xrhub\/como-la-academia-y-las-empresas-tecnologicas-han-definido-la-computacion-espacial\/","og_site_name":"IMOVA","article_published_time":"2024-01-17T20:43:53+00:00","article_modified_time":"2024-04-17T14:00:50+00:00","og_image":[{"width":1024,"height":585,"url":"https:\/\/imova.cl\/wp-content\/uploads\/2024\/01\/2-2-1024x585.png","type":"image\/png"}],"author":"IML","twitter_card":"summary_large_image","twitter_misc":{"Written by":"IML","Estimated reading time":"6 minutes"},"schema":{"@context":"https:\/\/schema.org","@graph":[{"@type":"Article","@id":"https:\/\/imova.cl\/xrhub\/como-la-academia-y-las-empresas-tecnologicas-han-definido-la-computacion-espacial\/#article","isPartOf":{"@id":"https:\/\/imova.cl\/xrhub\/como-la-academia-y-las-empresas-tecnologicas-han-definido-la-computacion-espacial\/"},"author":{"name":"IML","@id":"https:\/\/imova.cl\/#\/schema\/person\/75fb7372b90c227f84f808669999f748"},"headline":"C\u00f3mo la academia y las empresas tecnol\u00f3gicas han definido la computaci\u00f3n espacial","datePublished":"2024-01-17T20:43:53+00:00","dateModified":"2024-04-17T14:00:50+00:00","mainEntityOfPage":{"@id":"https:\/\/imova.cl\/xrhub\/como-la-academia-y-las-empresas-tecnologicas-han-definido-la-computacion-espacial\/"},"wordCount":1138,"commentCount":0,"publisher":{"@id":"https:\/\/imova.cl\/#organization"},"image":{"@id":"https:\/\/imova.cl\/xrhub\/como-la-academia-y-las-empresas-tecnologicas-han-definido-la-computacion-espacial\/#primaryimage"},"thumbnailUrl":"https:\/\/imova.cl\/wp-content\/uploads\/2024\/01\/2-2.png","articleSection":["Empresas","Realidad Virtual","Tecnolog\u00eda"],"inLanguage":"en-GB","potentialAction":[{"@type":"CommentAction","name":"Comment","target":["https:\/\/imova.cl\/xrhub\/como-la-academia-y-las-empresas-tecnologicas-han-definido-la-computacion-espacial\/#respond"]}]},{"@type":"WebPage","@id":"https:\/\/imova.cl\/xrhub\/como-la-academia-y-las-empresas-tecnologicas-han-definido-la-computacion-espacial\/","url":"https:\/\/imova.cl\/xrhub\/como-la-academia-y-las-empresas-tecnologicas-han-definido-la-computacion-espacial\/","name":"C\u00f3mo la academia y las empresas tecnol\u00f3gicas han definido la computaci\u00f3n espacial - IMOVA","isPartOf":{"@id":"https:\/\/imova.cl\/#website"},"primaryImageOfPage":{"@id":"https:\/\/imova.cl\/xrhub\/como-la-academia-y-las-empresas-tecnologicas-han-definido-la-computacion-espacial\/#primaryimage"},"image":{"@id":"https:\/\/imova.cl\/xrhub\/como-la-academia-y-las-empresas-tecnologicas-han-definido-la-computacion-espacial\/#primaryimage"},"thumbnailUrl":"https:\/\/imova.cl\/wp-content\/uploads\/2024\/01\/2-2.png","datePublished":"2024-01-17T20:43:53+00:00","dateModified":"2024-04-17T14:00:50+00:00","description":"\u00a0Definimos Computaci\u00f3n Espacial como la computaci\u00f3n por la que se mueven humanos, seres virtuales o robots.\u00a0","breadcrumb":{"@id":"https:\/\/imova.cl\/xrhub\/como-la-academia-y-las-empresas-tecnologicas-han-definido-la-computacion-espacial\/#breadcrumb"},"inLanguage":"en-GB","potentialAction":[{"@type":"ReadAction","target":["https:\/\/imova.cl\/xrhub\/como-la-academia-y-las-empresas-tecnologicas-han-definido-la-computacion-espacial\/"]}]},{"@type":"ImageObject","inLanguage":"en-GB","@id":"https:\/\/imova.cl\/xrhub\/como-la-academia-y-las-empresas-tecnologicas-han-definido-la-computacion-espacial\/#primaryimage","url":"https:\/\/imova.cl\/wp-content\/uploads\/2024\/01\/2-2.png","contentUrl":"https:\/\/imova.cl\/wp-content\/uploads\/2024\/01\/2-2.png","width":1792,"height":1024,"caption":"Computaci\u00f3n Espacial"},{"@type":"BreadcrumbList","@id":"https:\/\/imova.cl\/xrhub\/como-la-academia-y-las-empresas-tecnologicas-han-definido-la-computacion-espacial\/#breadcrumb","itemListElement":[{"@type":"ListItem","position":1,"name":"Portada","item":"https:\/\/imova.cl\/"},{"@type":"ListItem","position":2,"name":"C\u00f3mo la academia y las empresas tecnol\u00f3gicas han definido la computaci\u00f3n espacial"}]},{"@type":"WebSite","@id":"https:\/\/imova.cl\/#website","url":"https:\/\/imova.cl\/","name":"Realidad virtual, realidad aumentada y ciencia de datos","description":"Realidad virtual, Realidad aumentada &amp; Ciencia de datos","publisher":{"@id":"https:\/\/imova.cl\/#organization"},"potentialAction":[{"@type":"SearchAction","target":{"@type":"EntryPoint","urlTemplate":"https:\/\/imova.cl\/?s={search_term_string}"},"query-input":"required name=search_term_string"}],"inLanguage":"en-GB"},{"@type":"Organization","@id":"https:\/\/imova.cl\/#organization","name":"Realidad virtual, realidad aumentada y ciencia de datos","url":"https:\/\/imova.cl\/","logo":{"@type":"ImageObject","inLanguage":"en-GB","@id":"https:\/\/imova.cl\/#\/schema\/logo\/image\/","url":"https:\/\/imova.cl\/wp-content\/uploads\/2021\/05\/logo_color.png","contentUrl":"https:\/\/imova.cl\/wp-content\/uploads\/2021\/05\/logo_color.png","width":228,"height":59,"caption":"Realidad virtual, realidad aumentada y ciencia de datos"},"image":{"@id":"https:\/\/imova.cl\/#\/schema\/logo\/image\/"},"sameAs":["https:\/\/www.linkedin.com\/company\/imovavr-ar"]},{"@type":"Person","@id":"https:\/\/imova.cl\/#\/schema\/person\/75fb7372b90c227f84f808669999f748","name":"IML","image":{"@type":"ImageObject","inLanguage":"en-GB","@id":"https:\/\/imova.cl\/#\/schema\/person\/image\/","url":"https:\/\/secure.gravatar.com\/avatar\/5ba049f0998e1176adb3b830f2912078?s=96&d=mm&r=g","contentUrl":"https:\/\/secure.gravatar.com\/avatar\/5ba049f0998e1176adb3b830f2912078?s=96&d=mm&r=g","caption":"IML"},"url":"https:\/\/imova.cl\/en\/xrhub\/author\/iml\/"}]}},"_links":{"self":[{"href":"https:\/\/imova.cl\/en\/wp-json\/wp\/v2\/posts\/110967"}],"collection":[{"href":"https:\/\/imova.cl\/en\/wp-json\/wp\/v2\/posts"}],"about":[{"href":"https:\/\/imova.cl\/en\/wp-json\/wp\/v2\/types\/post"}],"author":[{"embeddable":true,"href":"https:\/\/imova.cl\/en\/wp-json\/wp\/v2\/users\/8"}],"replies":[{"embeddable":true,"href":"https:\/\/imova.cl\/en\/wp-json\/wp\/v2\/comments?post=110967"}],"version-history":[{"count":6,"href":"https:\/\/imova.cl\/en\/wp-json\/wp\/v2\/posts\/110967\/revisions"}],"predecessor-version":[{"id":130044,"href":"https:\/\/imova.cl\/en\/wp-json\/wp\/v2\/posts\/110967\/revisions\/130044"}],"wp:featuredmedia":[{"embeddable":true,"href":"https:\/\/imova.cl\/en\/wp-json\/wp\/v2\/media\/110969"}],"wp:attachment":[{"href":"https:\/\/imova.cl\/en\/wp-json\/wp\/v2\/media?parent=110967"}],"wp:term":[{"taxonomy":"category","embeddable":true,"href":"https:\/\/imova.cl\/en\/wp-json\/wp\/v2\/categories?post=110967"},{"taxonomy":"post_tag","embeddable":true,"href":"https:\/\/imova.cl\/en\/wp-json\/wp\/v2\/tags?post=110967"}],"curies":[{"name":"wp","href":"https:\/\/api.w.org\/{rel}","templated":true}]}}