{"id":13863,"date":"2022-09-29T18:31:13","date_gmt":"2022-09-29T21:31:13","guid":{"rendered":"https:\/\/imova.cl\/?p=13863"},"modified":"2023-01-09T17:07:51","modified_gmt":"2023-01-09T20:07:51","slug":"imova-estara-presente-en-el-seminario-metaverso-de-la-catedra-coca-cola-andina-del-ese-business-school","status":"publish","type":"post","link":"https:\/\/imova.cl\/en\/xrhub\/imova-estara-presente-en-el-seminario-metaverso-de-la-catedra-coca-cola-andina-del-ese-business-school\/","title":{"rendered":"IMOVA estar\u00e1 presente en el &#8220;Seminario Metaverso&#8221; de la C\u00e1tedra Coca-Cola Andina del ESE Business School"},"content":{"rendered":"<p>El pr\u00f3ximo viernes 7 de octubre se llevar\u00e1 a cabo el &#8220;Seminario Metaverso: Un futuro m\u00e1s cercano para el mundo de la empresa y de los negocios&#8221; organizado por La C\u00e1tedra Coca-Cola Andina perteneciente a ESE Business School de la Universidad de los Andes, donde nuestro CEO Daniel Iribarren fue invitado a participar con la exposici\u00f3n \u201cEl Metaverso del conocimiento: Nuevas oportunidades para una econom\u00eda sostenible y escalable\u201d. &nbsp;<\/p>\n\n\n\n<p>El encuentro busca analizar los desaf\u00edos que enfrentan las empresas\u202fen este nuevo contexto competitivo, as\u00ed como tambi\u00e9n que los asistentes vivan la experiencia del Metaverso conectando con los distintos actores y realidades de este mundo digital. &nbsp;<\/p>\n\n\n\n<p>En IMOVA estamos alineados con la importancia de la formaci\u00f3n, capacitaci\u00f3n y desarrollo humano a trav\u00e9s de soluciones tecnol\u00f3gicas de realidad virtual y&nbsp;realidad aumentada que contribuyan con disminuir las barreras del mundo f\u00edsico&nbsp;para potenciar la conexi\u00f3n entre personas y organizaciones. &nbsp;<\/p>\n\n\n\n<p>Esta&nbsp;nueva capa digital, busca facilitar la democratizaci\u00f3n del conocimiento y fomentar a su vez, la motivaci\u00f3n del capital humano como un elemento clave para la productividad del pa\u00eds, potenciando y conectando con distintas realidades y actores, tales como establecimientos educacionales, instituciones de educaci\u00f3n superior y empresas,&nbsp;permitiendo aprender, entrenar y ejecutar al m\u00e1s alto nivel.&nbsp;<\/p>\n\n\n\n<p>Para esto, queremos invitarlos a cocrear este nuevo paradigma del que hablaremos como \u201cmetaverso del conocimiento\u201d, bas\u00e1ndonos en experiencias y casos que hemos implementado durante estos m\u00e1s de 8 a\u00f1os. Casos f\u00e1cilmente replicables y con un enorme potencial para una econom\u00eda m\u00e1s sostenible, escalable y rentable.&nbsp;<\/p>\n\n\n\n<p>\u00a1Agradecemos estas instancias y los\/as esperamos!\u00a0\u00a0<\/p>\n\n\n\n<p><\/p>\n\n\n\n<figure class=\"wp-block-image size-full\"><img decoding=\"async\" width=\"439\" height=\"631\" src=\"https:\/\/imova.cl\/wp-content\/uploads\/2022\/09\/afiche.jpg\" alt=\"\" class=\"wp-image-13883\" srcset=\"https:\/\/imova.cl\/wp-content\/uploads\/2022\/09\/afiche.jpg 439w, https:\/\/imova.cl\/wp-content\/uploads\/2022\/09\/afiche-209x300.jpg 209w, https:\/\/imova.cl\/wp-content\/uploads\/2022\/09\/afiche-8x12.jpg 8w\" sizes=\"(max-width: 439px) 100vw, 439px\" \/><\/figure>","protected":false},"excerpt":{"rendered":"<p>El pr\u00f3ximo viernes 7 de octubre se llevar\u00e1 a cabo el &#8220;Seminario Metaverso: Un futuro m\u00e1s cercano para el mundo de la empresa y de&#8230;<\/p>","protected":false},"author":8,"featured_media":13865,"comment_status":"open","ping_status":"open","sticky":false,"template":"","format":"standard","meta":{"footnotes":""},"categories":[61,60,56],"tags":[],"yoast_head":"<!-- This site is optimized with the Yoast SEO plugin v22.5 - https:\/\/yoast.com\/wordpress\/plugins\/seo\/ -->\n<title>IMOVA estar\u00e1 presente en el &quot;Seminario Metaverso&quot; de la C\u00e1tedra Coca-Cola Andina del ESE Business School - IMOVA<\/title>\n<meta name=\"robots\" content=\"index, follow, max-snippet:-1, max-image-preview:large, max-video-preview:-1\" \/>\n<link rel=\"canonical\" href=\"https:\/\/imova.cl\/en\/xrhub\/imova-estara-presente-en-el-seminario-metaverso-de-la-catedra-coca-cola-andina-del-ese-business-school\/\" \/>\n<meta property=\"og:locale\" content=\"en_GB\" \/>\n<meta property=\"og:type\" content=\"article\" \/>\n<meta property=\"og:title\" content=\"IMOVA estar\u00e1 presente en el &quot;Seminario Metaverso&quot; de la C\u00e1tedra Coca-Cola Andina del ESE Business School - IMOVA\" \/>\n<meta property=\"og:description\" content=\"El pr\u00f3ximo viernes 7 de octubre se llevar\u00e1 a cabo el &#8220;Seminario Metaverso: Un futuro m\u00e1s cercano para el mundo de la empresa y de...\" \/>\n<meta property=\"og:url\" content=\"https:\/\/imova.cl\/en\/xrhub\/imova-estara-presente-en-el-seminario-metaverso-de-la-catedra-coca-cola-andina-del-ese-business-school\/\" \/>\n<meta property=\"og:site_name\" content=\"IMOVA\" \/>\n<meta property=\"article:published_time\" content=\"2022-09-29T21:31:13+00:00\" \/>\n<meta property=\"article:modified_time\" content=\"2023-01-09T20:07:51+00:00\" \/>\n<meta property=\"og:image\" content=\"https:\/\/imova.cl\/wp-content\/uploads\/2022\/09\/Captura-de-pantalla-2022-09-29-a-las-18.17.26.png\" \/>\n\t<meta property=\"og:image:width\" content=\"1162\" \/>\n\t<meta property=\"og:image:height\" content=\"653\" \/>\n\t<meta property=\"og:image:type\" content=\"image\/png\" \/>\n<meta name=\"author\" content=\"IML\" \/>\n<meta name=\"twitter:card\" content=\"summary_large_image\" \/>\n<meta name=\"twitter:label1\" content=\"Written by\" \/>\n\t<meta name=\"twitter:data1\" content=\"IML\" \/>\n\t<meta name=\"twitter:label2\" content=\"Estimated reading time\" \/>\n\t<meta name=\"twitter:data2\" content=\"1 minute\" \/>\n<script type=\"application\/ld+json\" class=\"yoast-schema-graph\">{\"@context\":\"https:\/\/schema.org\",\"@graph\":[{\"@type\":\"Article\",\"@id\":\"https:\/\/imova.cl\/xrhub\/imova-estara-presente-en-el-seminario-metaverso-de-la-catedra-coca-cola-andina-del-ese-business-school\/#article\",\"isPartOf\":{\"@id\":\"https:\/\/imova.cl\/xrhub\/imova-estara-presente-en-el-seminario-metaverso-de-la-catedra-coca-cola-andina-del-ese-business-school\/\"},\"author\":{\"name\":\"IML\",\"@id\":\"https:\/\/imova.cl\/#\/schema\/person\/75fb7372b90c227f84f808669999f748\"},\"headline\":\"IMOVA estar\u00e1 presente en el &#8220;Seminario Metaverso&#8221; de la C\u00e1tedra Coca-Cola Andina del ESE Business School\",\"datePublished\":\"2022-09-29T21:31:13+00:00\",\"dateModified\":\"2023-01-09T20:07:51+00:00\",\"mainEntityOfPage\":{\"@id\":\"https:\/\/imova.cl\/xrhub\/imova-estara-presente-en-el-seminario-metaverso-de-la-catedra-coca-cola-andina-del-ese-business-school\/\"},\"wordCount\":304,\"commentCount\":1,\"publisher\":{\"@id\":\"https:\/\/imova.cl\/#organization\"},\"image\":{\"@id\":\"https:\/\/imova.cl\/xrhub\/imova-estara-presente-en-el-seminario-metaverso-de-la-catedra-coca-cola-andina-del-ese-business-school\/#primaryimage\"},\"thumbnailUrl\":\"https:\/\/imova.cl\/wp-content\/uploads\/2022\/09\/Captura-de-pantalla-2022-09-29-a-las-18.17.26.png\",\"articleSection\":[\"Empresas\",\"Realidad Aumentada\",\"Realidad Virtual\"],\"inLanguage\":\"en-GB\",\"potentialAction\":[{\"@type\":\"CommentAction\",\"name\":\"Comment\",\"target\":[\"https:\/\/imova.cl\/xrhub\/imova-estara-presente-en-el-seminario-metaverso-de-la-catedra-coca-cola-andina-del-ese-business-school\/#respond\"]}]},{\"@type\":\"WebPage\",\"@id\":\"https:\/\/imova.cl\/xrhub\/imova-estara-presente-en-el-seminario-metaverso-de-la-catedra-coca-cola-andina-del-ese-business-school\/\",\"url\":\"https:\/\/imova.cl\/xrhub\/imova-estara-presente-en-el-seminario-metaverso-de-la-catedra-coca-cola-andina-del-ese-business-school\/\",\"name\":\"IMOVA estar\u00e1 presente en el \\\"Seminario Metaverso\\\" de la C\u00e1tedra Coca-Cola Andina del ESE Business School - IMOVA\",\"isPartOf\":{\"@id\":\"https:\/\/imova.cl\/#website\"},\"primaryImageOfPage\":{\"@id\":\"https:\/\/imova.cl\/xrhub\/imova-estara-presente-en-el-seminario-metaverso-de-la-catedra-coca-cola-andina-del-ese-business-school\/#primaryimage\"},\"image\":{\"@id\":\"https:\/\/imova.cl\/xrhub\/imova-estara-presente-en-el-seminario-metaverso-de-la-catedra-coca-cola-andina-del-ese-business-school\/#primaryimage\"},\"thumbnailUrl\":\"https:\/\/imova.cl\/wp-content\/uploads\/2022\/09\/Captura-de-pantalla-2022-09-29-a-las-18.17.26.png\",\"datePublished\":\"2022-09-29T21:31:13+00:00\",\"dateModified\":\"2023-01-09T20:07:51+00:00\",\"breadcrumb\":{\"@id\":\"https:\/\/imova.cl\/xrhub\/imova-estara-presente-en-el-seminario-metaverso-de-la-catedra-coca-cola-andina-del-ese-business-school\/#breadcrumb\"},\"inLanguage\":\"en-GB\",\"potentialAction\":[{\"@type\":\"ReadAction\",\"target\":[\"https:\/\/imova.cl\/xrhub\/imova-estara-presente-en-el-seminario-metaverso-de-la-catedra-coca-cola-andina-del-ese-business-school\/\"]}]},{\"@type\":\"ImageObject\",\"inLanguage\":\"en-GB\",\"@id\":\"https:\/\/imova.cl\/xrhub\/imova-estara-presente-en-el-seminario-metaverso-de-la-catedra-coca-cola-andina-del-ese-business-school\/#primaryimage\",\"url\":\"https:\/\/imova.cl\/wp-content\/uploads\/2022\/09\/Captura-de-pantalla-2022-09-29-a-las-18.17.26.png\",\"contentUrl\":\"https:\/\/imova.cl\/wp-content\/uploads\/2022\/09\/Captura-de-pantalla-2022-09-29-a-las-18.17.26.png\",\"width\":1162,\"height\":653},{\"@type\":\"BreadcrumbList\",\"@id\":\"https:\/\/imova.cl\/xrhub\/imova-estara-presente-en-el-seminario-metaverso-de-la-catedra-coca-cola-andina-del-ese-business-school\/#breadcrumb\",\"itemListElement\":[{\"@type\":\"ListItem\",\"position\":1,\"name\":\"Portada\",\"item\":\"https:\/\/imova.cl\/\"},{\"@type\":\"ListItem\",\"position\":2,\"name\":\"IMOVA estar\u00e1 presente en el &#8220;Seminario Metaverso&#8221; de la C\u00e1tedra Coca-Cola Andina del ESE Business School\"}]},{\"@type\":\"WebSite\",\"@id\":\"https:\/\/imova.cl\/#website\",\"url\":\"https:\/\/imova.cl\/\",\"name\":\"Realidad virtual, realidad aumentada y ciencia de datos\",\"description\":\"Realidad virtual, Realidad aumentada &amp; Ciencia de datos\",\"publisher\":{\"@id\":\"https:\/\/imova.cl\/#organization\"},\"potentialAction\":[{\"@type\":\"SearchAction\",\"target\":{\"@type\":\"EntryPoint\",\"urlTemplate\":\"https:\/\/imova.cl\/?s={search_term_string}\"},\"query-input\":\"required name=search_term_string\"}],\"inLanguage\":\"en-GB\"},{\"@type\":\"Organization\",\"@id\":\"https:\/\/imova.cl\/#organization\",\"name\":\"Realidad virtual, realidad aumentada y ciencia de datos\",\"url\":\"https:\/\/imova.cl\/\",\"logo\":{\"@type\":\"ImageObject\",\"inLanguage\":\"en-GB\",\"@id\":\"https:\/\/imova.cl\/#\/schema\/logo\/image\/\",\"url\":\"https:\/\/imova.cl\/wp-content\/uploads\/2021\/05\/logo_color.png\",\"contentUrl\":\"https:\/\/imova.cl\/wp-content\/uploads\/2021\/05\/logo_color.png\",\"width\":228,\"height\":59,\"caption\":\"Realidad virtual, realidad aumentada y ciencia de datos\"},\"image\":{\"@id\":\"https:\/\/imova.cl\/#\/schema\/logo\/image\/\"},\"sameAs\":[\"https:\/\/www.linkedin.com\/company\/imovavr-ar\"]},{\"@type\":\"Person\",\"@id\":\"https:\/\/imova.cl\/#\/schema\/person\/75fb7372b90c227f84f808669999f748\",\"name\":\"IML\",\"image\":{\"@type\":\"ImageObject\",\"inLanguage\":\"en-GB\",\"@id\":\"https:\/\/imova.cl\/#\/schema\/person\/image\/\",\"url\":\"https:\/\/secure.gravatar.com\/avatar\/5ba049f0998e1176adb3b830f2912078?s=96&d=mm&r=g\",\"contentUrl\":\"https:\/\/secure.gravatar.com\/avatar\/5ba049f0998e1176adb3b830f2912078?s=96&d=mm&r=g\",\"caption\":\"IML\"},\"url\":\"https:\/\/imova.cl\/en\/xrhub\/author\/iml\/\"}]}<\/script>\n<!-- \/ Yoast SEO plugin. -->","yoast_head_json":{"title":"IMOVA estar\u00e1 presente en el \"Seminario Metaverso\" de la C\u00e1tedra Coca-Cola Andina del ESE Business School - IMOVA","robots":{"index":"index","follow":"follow","max-snippet":"max-snippet:-1","max-image-preview":"max-image-preview:large","max-video-preview":"max-video-preview:-1"},"canonical":"https:\/\/imova.cl\/en\/xrhub\/imova-estara-presente-en-el-seminario-metaverso-de-la-catedra-coca-cola-andina-del-ese-business-school\/","og_locale":"en_GB","og_type":"article","og_title":"IMOVA estar\u00e1 presente en el \"Seminario Metaverso\" de la C\u00e1tedra Coca-Cola Andina del ESE Business School - IMOVA","og_description":"El pr\u00f3ximo viernes 7 de octubre se llevar\u00e1 a cabo el &#8220;Seminario Metaverso: Un futuro m\u00e1s cercano para el mundo de la empresa y de...","og_url":"https:\/\/imova.cl\/en\/xrhub\/imova-estara-presente-en-el-seminario-metaverso-de-la-catedra-coca-cola-andina-del-ese-business-school\/","og_site_name":"IMOVA","article_published_time":"2022-09-29T21:31:13+00:00","article_modified_time":"2023-01-09T20:07:51+00:00","og_image":[{"width":1162,"height":653,"url":"https:\/\/imova.cl\/wp-content\/uploads\/2022\/09\/Captura-de-pantalla-2022-09-29-a-las-18.17.26.png","type":"image\/png"}],"author":"IML","twitter_card":"summary_large_image","twitter_misc":{"Written by":"IML","Estimated reading time":"1 minute"},"schema":{"@context":"https:\/\/schema.org","@graph":[{"@type":"Article","@id":"https:\/\/imova.cl\/xrhub\/imova-estara-presente-en-el-seminario-metaverso-de-la-catedra-coca-cola-andina-del-ese-business-school\/#article","isPartOf":{"@id":"https:\/\/imova.cl\/xrhub\/imova-estara-presente-en-el-seminario-metaverso-de-la-catedra-coca-cola-andina-del-ese-business-school\/"},"author":{"name":"IML","@id":"https:\/\/imova.cl\/#\/schema\/person\/75fb7372b90c227f84f808669999f748"},"headline":"IMOVA estar\u00e1 presente en el &#8220;Seminario Metaverso&#8221; de la C\u00e1tedra Coca-Cola Andina del ESE Business School","datePublished":"2022-09-29T21:31:13+00:00","dateModified":"2023-01-09T20:07:51+00:00","mainEntityOfPage":{"@id":"https:\/\/imova.cl\/xrhub\/imova-estara-presente-en-el-seminario-metaverso-de-la-catedra-coca-cola-andina-del-ese-business-school\/"},"wordCount":304,"commentCount":1,"publisher":{"@id":"https:\/\/imova.cl\/#organization"},"image":{"@id":"https:\/\/imova.cl\/xrhub\/imova-estara-presente-en-el-seminario-metaverso-de-la-catedra-coca-cola-andina-del-ese-business-school\/#primaryimage"},"thumbnailUrl":"https:\/\/imova.cl\/wp-content\/uploads\/2022\/09\/Captura-de-pantalla-2022-09-29-a-las-18.17.26.png","articleSection":["Empresas","Realidad Aumentada","Realidad Virtual"],"inLanguage":"en-GB","potentialAction":[{"@type":"CommentAction","name":"Comment","target":["https:\/\/imova.cl\/xrhub\/imova-estara-presente-en-el-seminario-metaverso-de-la-catedra-coca-cola-andina-del-ese-business-school\/#respond"]}]},{"@type":"WebPage","@id":"https:\/\/imova.cl\/xrhub\/imova-estara-presente-en-el-seminario-metaverso-de-la-catedra-coca-cola-andina-del-ese-business-school\/","url":"https:\/\/imova.cl\/xrhub\/imova-estara-presente-en-el-seminario-metaverso-de-la-catedra-coca-cola-andina-del-ese-business-school\/","name":"IMOVA estar\u00e1 presente en el \"Seminario Metaverso\" de la C\u00e1tedra Coca-Cola Andina del ESE Business School - IMOVA","isPartOf":{"@id":"https:\/\/imova.cl\/#website"},"primaryImageOfPage":{"@id":"https:\/\/imova.cl\/xrhub\/imova-estara-presente-en-el-seminario-metaverso-de-la-catedra-coca-cola-andina-del-ese-business-school\/#primaryimage"},"image":{"@id":"https:\/\/imova.cl\/xrhub\/imova-estara-presente-en-el-seminario-metaverso-de-la-catedra-coca-cola-andina-del-ese-business-school\/#primaryimage"},"thumbnailUrl":"https:\/\/imova.cl\/wp-content\/uploads\/2022\/09\/Captura-de-pantalla-2022-09-29-a-las-18.17.26.png","datePublished":"2022-09-29T21:31:13+00:00","dateModified":"2023-01-09T20:07:51+00:00","breadcrumb":{"@id":"https:\/\/imova.cl\/xrhub\/imova-estara-presente-en-el-seminario-metaverso-de-la-catedra-coca-cola-andina-del-ese-business-school\/#breadcrumb"},"inLanguage":"en-GB","potentialAction":[{"@type":"ReadAction","target":["https:\/\/imova.cl\/xrhub\/imova-estara-presente-en-el-seminario-metaverso-de-la-catedra-coca-cola-andina-del-ese-business-school\/"]}]},{"@type":"ImageObject","inLanguage":"en-GB","@id":"https:\/\/imova.cl\/xrhub\/imova-estara-presente-en-el-seminario-metaverso-de-la-catedra-coca-cola-andina-del-ese-business-school\/#primaryimage","url":"https:\/\/imova.cl\/wp-content\/uploads\/2022\/09\/Captura-de-pantalla-2022-09-29-a-las-18.17.26.png","contentUrl":"https:\/\/imova.cl\/wp-content\/uploads\/2022\/09\/Captura-de-pantalla-2022-09-29-a-las-18.17.26.png","width":1162,"height":653},{"@type":"BreadcrumbList","@id":"https:\/\/imova.cl\/xrhub\/imova-estara-presente-en-el-seminario-metaverso-de-la-catedra-coca-cola-andina-del-ese-business-school\/#breadcrumb","itemListElement":[{"@type":"ListItem","position":1,"name":"Portada","item":"https:\/\/imova.cl\/"},{"@type":"ListItem","position":2,"name":"IMOVA estar\u00e1 presente en el &#8220;Seminario Metaverso&#8221; de la C\u00e1tedra Coca-Cola Andina del ESE Business School"}]},{"@type":"WebSite","@id":"https:\/\/imova.cl\/#website","url":"https:\/\/imova.cl\/","name":"Realidad virtual, realidad aumentada y ciencia de datos","description":"Realidad virtual, Realidad aumentada &amp; Ciencia de datos","publisher":{"@id":"https:\/\/imova.cl\/#organization"},"potentialAction":[{"@type":"SearchAction","target":{"@type":"EntryPoint","urlTemplate":"https:\/\/imova.cl\/?s={search_term_string}"},"query-input":"required name=search_term_string"}],"inLanguage":"en-GB"},{"@type":"Organization","@id":"https:\/\/imova.cl\/#organization","name":"Realidad virtual, realidad aumentada y ciencia de datos","url":"https:\/\/imova.cl\/","logo":{"@type":"ImageObject","inLanguage":"en-GB","@id":"https:\/\/imova.cl\/#\/schema\/logo\/image\/","url":"https:\/\/imova.cl\/wp-content\/uploads\/2021\/05\/logo_color.png","contentUrl":"https:\/\/imova.cl\/wp-content\/uploads\/2021\/05\/logo_color.png","width":228,"height":59,"caption":"Realidad virtual, realidad aumentada y ciencia de datos"},"image":{"@id":"https:\/\/imova.cl\/#\/schema\/logo\/image\/"},"sameAs":["https:\/\/www.linkedin.com\/company\/imovavr-ar"]},{"@type":"Person","@id":"https:\/\/imova.cl\/#\/schema\/person\/75fb7372b90c227f84f808669999f748","name":"IML","image":{"@type":"ImageObject","inLanguage":"en-GB","@id":"https:\/\/imova.cl\/#\/schema\/person\/image\/","url":"https:\/\/secure.gravatar.com\/avatar\/5ba049f0998e1176adb3b830f2912078?s=96&d=mm&r=g","contentUrl":"https:\/\/secure.gravatar.com\/avatar\/5ba049f0998e1176adb3b830f2912078?s=96&d=mm&r=g","caption":"IML"},"url":"https:\/\/imova.cl\/en\/xrhub\/author\/iml\/"}]}},"_links":{"self":[{"href":"https:\/\/imova.cl\/en\/wp-json\/wp\/v2\/posts\/13863"}],"collection":[{"href":"https:\/\/imova.cl\/en\/wp-json\/wp\/v2\/posts"}],"about":[{"href":"https:\/\/imova.cl\/en\/wp-json\/wp\/v2\/types\/post"}],"author":[{"embeddable":true,"href":"https:\/\/imova.cl\/en\/wp-json\/wp\/v2\/users\/8"}],"replies":[{"embeddable":true,"href":"https:\/\/imova.cl\/en\/wp-json\/wp\/v2\/comments?post=13863"}],"version-history":[{"count":4,"href":"https:\/\/imova.cl\/en\/wp-json\/wp\/v2\/posts\/13863\/revisions"}],"predecessor-version":[{"id":13888,"href":"https:\/\/imova.cl\/en\/wp-json\/wp\/v2\/posts\/13863\/revisions\/13888"}],"wp:featuredmedia":[{"embeddable":true,"href":"https:\/\/imova.cl\/en\/wp-json\/wp\/v2\/media\/13865"}],"wp:attachment":[{"href":"https:\/\/imova.cl\/en\/wp-json\/wp\/v2\/media?parent=13863"}],"wp:term":[{"taxonomy":"category","embeddable":true,"href":"https:\/\/imova.cl\/en\/wp-json\/wp\/v2\/categories?post=13863"},{"taxonomy":"post_tag","embeddable":true,"href":"https:\/\/imova.cl\/en\/wp-json\/wp\/v2\/tags?post=13863"}],"curies":[{"name":"wp","href":"https:\/\/api.w.org\/{rel}","templated":true}]}}