{"id":17771,"date":"2022-10-19T16:21:53","date_gmt":"2022-10-19T19:21:53","guid":{"rendered":"https:\/\/imova.cl\/?p=17771"},"modified":"2023-01-09T17:07:44","modified_gmt":"2023-01-09T20:07:44","slug":"imova-lanza-capacitacion-de-riesgo-con-realidad-virtual","status":"publish","type":"post","link":"https:\/\/imova.cl\/en\/xrhub\/imova-lanza-capacitacion-de-riesgo-con-realidad-virtual\/","title":{"rendered":"IMOVA lanza Capacitaci\u00f3n de Riesgo con realidad virtual"},"content":{"rendered":"\n\t\t<div id=\"fws_69f2149adfee5\"  data-column-margin=\"default\" data-midnight=\"dark\"  class=\"wpb_row vc_row-fluid vc_row\"  style=\"padding-top: 0px; padding-bottom: 0px; \"><div class=\"row-bg-wrap\" data-bg-animation=\"none\" data-bg-animation-delay=\"\" data-bg-overlay=\"false\"><div class=\"inner-wrap row-bg-layer\" ><div class=\"row-bg viewport-desktop\"  style=\"\"><\/div><\/div><\/div><div class=\"row_col_wrap_12 col span_12 dark left\">\n\t<div  class=\"vc_col-sm-12 wpb_column column_container vc_column_container col no-extra-padding inherit_tablet inherit_phone \"  data-padding-pos=\"all\" data-has-bg-color=\"false\" data-bg-color=\"\" data-bg-opacity=\"1\" data-animation=\"\" data-delay=\"0\" >\n\t\t<div class=\"vc_column-inner\" >\n\t\t\t<div class=\"wpb_wrapper\">\n\t\t\t\t\n<div class=\"wpb_text_column wpb_content_element \" >\n\t<div class=\"wpb_wrapper\">\n\t\t<p>La Capacitaci\u00f3n de Riesgo en una aplicaci\u00f3n que permite capacitar y evaluar de forma masiva a colaboradores\/as u operarios\/as de una organizaci\u00f3n, ante diferentes situaciones de riesgo que pueden ocurrir dentro del entorno laboral, tales como: incendios, sismos, derrames, fugas de gas, entre otros. Este producto busca que el usuario pueda interiorizar los protocolos y zonas de seguridad que han sido establecidos por las empresas, mediante un entorno digital dise\u00f1ado en realidad virtual. Los usuarios, siguiendo varios pasos y tomando decisiones, podr\u00e1n practicar y demostrar los conocimientos aprendidos, mientras que los administradores podr\u00e1n evaluar el desempe\u00f1o.<\/p>\n<p>La utilizaci\u00f3n de nuestros productos permitir\u00e1 a tu organizaci\u00f3n disminuir costos y tiempos siendo una herramienta sustentable que es 100% digital, adem\u00e1s de agilizar el aprendizaje de tus colaboradores\/as de forma motivante.<\/p>\n<p>Para conocer m\u00e1s detalles, te invitamos a descargar el brochure de este producto completando el siguiente formulario.<\/p>\n<p>\u00a0<\/p>\n\t<\/div>\n<\/div>\n\n\n\n\n\t\t\t<\/div> \n\t\t<\/div>\n\t<\/div> \n<\/div><\/div>\n\t\t<div id=\"fws_69f2149ae0e5b\"  data-column-margin=\"default\" data-midnight=\"dark\"  class=\"wpb_row vc_row-fluid vc_row\"  style=\"padding-top: 0px; padding-bottom: 0px; \"><div class=\"row-bg-wrap\" data-bg-animation=\"none\" data-bg-animation-delay=\"\" data-bg-overlay=\"false\"><div class=\"inner-wrap row-bg-layer\" ><div class=\"row-bg viewport-desktop\"  style=\"\"><\/div><\/div><\/div><div class=\"row_col_wrap_12 col span_12 dark left\">\n\t<div  class=\"vc_col-sm-12 wpb_column column_container vc_column_container col no-extra-padding inherit_tablet inherit_phone \"  data-padding-pos=\"all\" data-has-bg-color=\"false\" data-bg-color=\"\" data-bg-opacity=\"1\" data-animation=\"\" data-delay=\"0\" >\n\t\t<div class=\"vc_column-inner\" >\n\t\t\t<div class=\"wpb_wrapper\">\n\t\t\t\t\n<div class=\"wpb_text_column wpb_content_element \" >\n\t<div class=\"wpb_wrapper\">\n\t\t\n<div class=\"wpcf7 no-js\" id=\"wpcf7-f16586-o1\" lang=\"es-CL\" dir=\"ltr\">\n<div class=\"screen-reader-response\"><p role=\"status\" aria-live=\"polite\" aria-atomic=\"true\"><\/p> <ul><\/ul><\/div>\n<form action=\"\/en\/wp-json\/wp\/v2\/posts\/17771#wpcf7-f16586-o1\" method=\"post\" class=\"wpcf7-form init\" aria-label=\"Formulario de contacto\" novalidate=\"novalidate\" data-status=\"init\">\n<div style=\"display: none;\">\n<input type=\"hidden\" name=\"_wpcf7\" value=\"16586\" \/>\n<input type=\"hidden\" name=\"_wpcf7_version\" value=\"5.9.8\" \/>\n<input type=\"hidden\" name=\"_wpcf7_locale\" value=\"es_CL\" \/>\n<input type=\"hidden\" name=\"_wpcf7_unit_tag\" value=\"wpcf7-f16586-o1\" \/>\n<input type=\"hidden\" name=\"_wpcf7_container_post\" value=\"0\" \/>\n<input type=\"hidden\" name=\"_wpcf7_posted_data_hash\" value=\"\" \/>\n<input type=\"hidden\" name=\"_wpcf7_recaptcha_response\" value=\"\" \/>\n<\/div>\n<style>\/*\nFormulario CF7 a 2 columnas responsive\n*\/\n#responsive-form{\n\tmargin:0 auto;\n width:100%;\n}\n.form-row{\n\twidth: 100%;\n}\n.column-half, .column-full{\n\tfloat: left;\n\tposition: relative;\n\tpadding: 0.65rem;\n\twidth:100%;\n\t-webkit-box-sizing: border-box;\n -moz-box-sizing: border-box;\n box-sizing: border-box\n}\n.clearfix:after {\n\tcontent: \"\";\n\tdisplay: table;\n\tclear: both;\n}\n\/**---------------- Media query ----------------**\/\n@media only screen and (min-width: 48em) { \n\t.column-half{\n\t\twidth: 100%;\n\t}\n}\n<\/style>\n<div id=\"responsive-form\" class=\"clearfix\">\n\t<div class=\"form-row\">\n\t\t<div class=\"column-half\">\n\t\t\t<p><label> Nombre <span class=\"wpcf7-form-control-wrap\" data-name=\"your-name\"><input size=\"40\" maxlength=\"400\" class=\"wpcf7-form-control wpcf7-text wpcf7-validates-as-required\" aria-required=\"true\" aria-invalid=\"false\" value=\"\" type=\"text\" name=\"your-name\" \/><\/span> <\/label>\n\t\t\t<\/p>\n\t\t<\/div>\n\t\t<div class=\"column-half\">\n\t\t\t<p><label> Correo <span class=\"wpcf7-form-control-wrap\" data-name=\"your-email\"><input size=\"40\" maxlength=\"400\" class=\"wpcf7-form-control wpcf7-email wpcf7-validates-as-required wpcf7-text wpcf7-validates-as-email\" aria-required=\"true\" aria-invalid=\"false\" value=\"\" type=\"email\" name=\"your-email\" \/><\/span> <\/label>\n\t\t\t<\/p>\n\t\t<\/div>\n\t\t<div class=\"column-half\">\n\t\t\t<p><label> Tel\u00e9fono <span class=\"wpcf7-form-control-wrap\" data-name=\"Telefono\"><input size=\"40\" maxlength=\"400\" class=\"wpcf7-form-control wpcf7-tel wpcf7-text wpcf7-validates-as-tel\" aria-invalid=\"false\" value=\"\" type=\"tel\" name=\"Telefono\" \/><\/span><\/label>\n\t\t\t<\/p>\n\t\t<\/div>\n\t\t<div class=\"column-half\">\n\t\t\t<p><label> <input class=\"wpcf7-form-control wpcf7-submit has-spinner\" type=\"submit\" value=\"Enviar\" \/><\/label>\n\t\t\t<\/p>\n\t\t<\/div>\n\t<\/div>\n<\/div><p style=\"display: none !important;\" class=\"akismet-fields-container\" data-prefix=\"_wpcf7_ak_\"><label>&#916;<textarea name=\"_wpcf7_ak_hp_textarea\" cols=\"45\" rows=\"8\" maxlength=\"100\"><\/textarea><\/label><input type=\"hidden\" id=\"ak_js_1\" name=\"_wpcf7_ak_js\" value=\"147\"\/><script type=\"text\/javascript\">\n\/* <![CDATA[ *\/\ndocument.getElementById( \"ak_js_1\" ).setAttribute( \"value\", ( new Date() ).getTime() );\n\/* ]]> *\/\n<\/script>\n<\/p><input type='hidden' class='wpcf7-pum' value='{\"closepopup\":false,\"closedelay\":0,\"openpopup\":false,\"openpopup_id\":0}' \/><div class=\"wpcf7-response-output\" aria-hidden=\"true\"><\/div>\n<\/form>\n<\/div>\n\n\t<\/div>\n<\/div>\n\n\n\n\n\t\t\t<\/div> \n\t\t<\/div>\n\t<\/div> \n<\/div><\/div>","protected":false},"excerpt":{"rendered":"La Capacitaci\u00f3n de Riesgo en una aplicaci\u00f3n que permite capacitar y evaluar de forma masiva a colaboradores\/as u operarios\/as de una organizaci\u00f3n, ante diferentes situaciones...","protected":false},"author":8,"featured_media":17776,"comment_status":"open","ping_status":"open","sticky":false,"template":"","format":"standard","meta":{"footnotes":""},"categories":[61,56],"tags":[],"yoast_head":"<!-- This site is optimized with the Yoast SEO plugin v22.5 - https:\/\/yoast.com\/wordpress\/plugins\/seo\/ -->\n<title>IMOVA lanza Capacitaci\u00f3n de Riesgo con realidad virtual - IMOVA<\/title>\n<meta name=\"robots\" content=\"index, follow, max-snippet:-1, max-image-preview:large, max-video-preview:-1\" \/>\n<link rel=\"canonical\" href=\"https:\/\/imova.cl\/en\/xrhub\/imova-lanza-capacitacion-de-riesgo-con-realidad-virtual\/\" \/>\n<meta property=\"og:locale\" content=\"en_GB\" \/>\n<meta property=\"og:type\" content=\"article\" \/>\n<meta property=\"og:title\" content=\"IMOVA lanza Capacitaci\u00f3n de Riesgo con realidad virtual - IMOVA\" \/>\n<meta property=\"og:url\" content=\"https:\/\/imova.cl\/en\/xrhub\/imova-lanza-capacitacion-de-riesgo-con-realidad-virtual\/\" \/>\n<meta property=\"og:site_name\" content=\"IMOVA\" \/>\n<meta property=\"article:published_time\" content=\"2022-10-19T19:21:53+00:00\" \/>\n<meta property=\"article:modified_time\" content=\"2023-01-09T20:07:44+00:00\" \/>\n<meta property=\"og:image\" content=\"https:\/\/imova.cl\/wp-content\/uploads\/2022\/10\/Captura-de-pantalla-2022-10-19-a-las-15.50.47.png\" \/>\n\t<meta property=\"og:image:width\" content=\"1180\" \/>\n\t<meta property=\"og:image:height\" content=\"662\" \/>\n\t<meta property=\"og:image:type\" content=\"image\/png\" \/>\n<meta name=\"author\" content=\"IML\" \/>\n<meta name=\"twitter:card\" content=\"summary_large_image\" \/>\n<meta name=\"twitter:label1\" content=\"Written by\" \/>\n\t<meta name=\"twitter:data1\" content=\"IML\" \/>\n\t<meta name=\"twitter:label2\" content=\"Estimated reading time\" \/>\n\t<meta name=\"twitter:data2\" content=\"2 minutes\" \/>\n<script type=\"application\/ld+json\" class=\"yoast-schema-graph\">{\"@context\":\"https:\/\/schema.org\",\"@graph\":[{\"@type\":\"Article\",\"@id\":\"https:\/\/imova.cl\/xrhub\/imova-lanza-capacitacion-de-riesgo-con-realidad-virtual\/#article\",\"isPartOf\":{\"@id\":\"https:\/\/imova.cl\/xrhub\/imova-lanza-capacitacion-de-riesgo-con-realidad-virtual\/\"},\"author\":{\"name\":\"IML\",\"@id\":\"https:\/\/imova.cl\/#\/schema\/person\/75fb7372b90c227f84f808669999f748\"},\"headline\":\"IMOVA lanza Capacitaci\u00f3n de Riesgo con realidad virtual\",\"datePublished\":\"2022-10-19T19:21:53+00:00\",\"dateModified\":\"2023-01-09T20:07:44+00:00\",\"mainEntityOfPage\":{\"@id\":\"https:\/\/imova.cl\/xrhub\/imova-lanza-capacitacion-de-riesgo-con-realidad-virtual\/\"},\"wordCount\":475,\"commentCount\":0,\"publisher\":{\"@id\":\"https:\/\/imova.cl\/#organization\"},\"image\":{\"@id\":\"https:\/\/imova.cl\/xrhub\/imova-lanza-capacitacion-de-riesgo-con-realidad-virtual\/#primaryimage\"},\"thumbnailUrl\":\"https:\/\/imova.cl\/wp-content\/uploads\/2022\/10\/Captura-de-pantalla-2022-10-19-a-las-15.50.47.png\",\"articleSection\":[\"Empresas\",\"Realidad Virtual\"],\"inLanguage\":\"en-GB\",\"potentialAction\":[{\"@type\":\"CommentAction\",\"name\":\"Comment\",\"target\":[\"https:\/\/imova.cl\/xrhub\/imova-lanza-capacitacion-de-riesgo-con-realidad-virtual\/#respond\"]}]},{\"@type\":\"WebPage\",\"@id\":\"https:\/\/imova.cl\/xrhub\/imova-lanza-capacitacion-de-riesgo-con-realidad-virtual\/\",\"url\":\"https:\/\/imova.cl\/xrhub\/imova-lanza-capacitacion-de-riesgo-con-realidad-virtual\/\",\"name\":\"IMOVA lanza Capacitaci\u00f3n de Riesgo con realidad virtual - IMOVA\",\"isPartOf\":{\"@id\":\"https:\/\/imova.cl\/#website\"},\"primaryImageOfPage\":{\"@id\":\"https:\/\/imova.cl\/xrhub\/imova-lanza-capacitacion-de-riesgo-con-realidad-virtual\/#primaryimage\"},\"image\":{\"@id\":\"https:\/\/imova.cl\/xrhub\/imova-lanza-capacitacion-de-riesgo-con-realidad-virtual\/#primaryimage\"},\"thumbnailUrl\":\"https:\/\/imova.cl\/wp-content\/uploads\/2022\/10\/Captura-de-pantalla-2022-10-19-a-las-15.50.47.png\",\"datePublished\":\"2022-10-19T19:21:53+00:00\",\"dateModified\":\"2023-01-09T20:07:44+00:00\",\"breadcrumb\":{\"@id\":\"https:\/\/imova.cl\/xrhub\/imova-lanza-capacitacion-de-riesgo-con-realidad-virtual\/#breadcrumb\"},\"inLanguage\":\"en-GB\",\"potentialAction\":[{\"@type\":\"ReadAction\",\"target\":[\"https:\/\/imova.cl\/xrhub\/imova-lanza-capacitacion-de-riesgo-con-realidad-virtual\/\"]}]},{\"@type\":\"ImageObject\",\"inLanguage\":\"en-GB\",\"@id\":\"https:\/\/imova.cl\/xrhub\/imova-lanza-capacitacion-de-riesgo-con-realidad-virtual\/#primaryimage\",\"url\":\"https:\/\/imova.cl\/wp-content\/uploads\/2022\/10\/Captura-de-pantalla-2022-10-19-a-las-15.50.47.png\",\"contentUrl\":\"https:\/\/imova.cl\/wp-content\/uploads\/2022\/10\/Captura-de-pantalla-2022-10-19-a-las-15.50.47.png\",\"width\":1180,\"height\":662},{\"@type\":\"BreadcrumbList\",\"@id\":\"https:\/\/imova.cl\/xrhub\/imova-lanza-capacitacion-de-riesgo-con-realidad-virtual\/#breadcrumb\",\"itemListElement\":[{\"@type\":\"ListItem\",\"position\":1,\"name\":\"Portada\",\"item\":\"https:\/\/imova.cl\/\"},{\"@type\":\"ListItem\",\"position\":2,\"name\":\"IMOVA lanza Capacitaci\u00f3n de Riesgo con realidad virtual\"}]},{\"@type\":\"WebSite\",\"@id\":\"https:\/\/imova.cl\/#website\",\"url\":\"https:\/\/imova.cl\/\",\"name\":\"Realidad virtual, realidad aumentada y ciencia de datos\",\"description\":\"Realidad virtual, Realidad aumentada &amp; Ciencia de datos\",\"publisher\":{\"@id\":\"https:\/\/imova.cl\/#organization\"},\"potentialAction\":[{\"@type\":\"SearchAction\",\"target\":{\"@type\":\"EntryPoint\",\"urlTemplate\":\"https:\/\/imova.cl\/?s={search_term_string}\"},\"query-input\":\"required name=search_term_string\"}],\"inLanguage\":\"en-GB\"},{\"@type\":\"Organization\",\"@id\":\"https:\/\/imova.cl\/#organization\",\"name\":\"Realidad virtual, realidad aumentada y ciencia de datos\",\"url\":\"https:\/\/imova.cl\/\",\"logo\":{\"@type\":\"ImageObject\",\"inLanguage\":\"en-GB\",\"@id\":\"https:\/\/imova.cl\/#\/schema\/logo\/image\/\",\"url\":\"https:\/\/imova.cl\/wp-content\/uploads\/2021\/05\/logo_color.png\",\"contentUrl\":\"https:\/\/imova.cl\/wp-content\/uploads\/2021\/05\/logo_color.png\",\"width\":228,\"height\":59,\"caption\":\"Realidad virtual, realidad aumentada y ciencia de datos\"},\"image\":{\"@id\":\"https:\/\/imova.cl\/#\/schema\/logo\/image\/\"},\"sameAs\":[\"https:\/\/www.linkedin.com\/company\/imovavr-ar\"]},{\"@type\":\"Person\",\"@id\":\"https:\/\/imova.cl\/#\/schema\/person\/75fb7372b90c227f84f808669999f748\",\"name\":\"IML\",\"image\":{\"@type\":\"ImageObject\",\"inLanguage\":\"en-GB\",\"@id\":\"https:\/\/imova.cl\/#\/schema\/person\/image\/\",\"url\":\"https:\/\/secure.gravatar.com\/avatar\/5ba049f0998e1176adb3b830f2912078?s=96&d=mm&r=g\",\"contentUrl\":\"https:\/\/secure.gravatar.com\/avatar\/5ba049f0998e1176adb3b830f2912078?s=96&d=mm&r=g\",\"caption\":\"IML\"},\"url\":\"https:\/\/imova.cl\/en\/xrhub\/author\/iml\/\"}]}<\/script>\n<!-- \/ Yoast SEO plugin. -->","yoast_head_json":{"title":"IMOVA lanza Capacitaci\u00f3n de Riesgo con realidad virtual - IMOVA","robots":{"index":"index","follow":"follow","max-snippet":"max-snippet:-1","max-image-preview":"max-image-preview:large","max-video-preview":"max-video-preview:-1"},"canonical":"https:\/\/imova.cl\/en\/xrhub\/imova-lanza-capacitacion-de-riesgo-con-realidad-virtual\/","og_locale":"en_GB","og_type":"article","og_title":"IMOVA lanza Capacitaci\u00f3n de Riesgo con realidad virtual - IMOVA","og_url":"https:\/\/imova.cl\/en\/xrhub\/imova-lanza-capacitacion-de-riesgo-con-realidad-virtual\/","og_site_name":"IMOVA","article_published_time":"2022-10-19T19:21:53+00:00","article_modified_time":"2023-01-09T20:07:44+00:00","og_image":[{"width":1180,"height":662,"url":"https:\/\/imova.cl\/wp-content\/uploads\/2022\/10\/Captura-de-pantalla-2022-10-19-a-las-15.50.47.png","type":"image\/png"}],"author":"IML","twitter_card":"summary_large_image","twitter_misc":{"Written by":"IML","Estimated reading time":"2 minutes"},"schema":{"@context":"https:\/\/schema.org","@graph":[{"@type":"Article","@id":"https:\/\/imova.cl\/xrhub\/imova-lanza-capacitacion-de-riesgo-con-realidad-virtual\/#article","isPartOf":{"@id":"https:\/\/imova.cl\/xrhub\/imova-lanza-capacitacion-de-riesgo-con-realidad-virtual\/"},"author":{"name":"IML","@id":"https:\/\/imova.cl\/#\/schema\/person\/75fb7372b90c227f84f808669999f748"},"headline":"IMOVA lanza Capacitaci\u00f3n de Riesgo con realidad virtual","datePublished":"2022-10-19T19:21:53+00:00","dateModified":"2023-01-09T20:07:44+00:00","mainEntityOfPage":{"@id":"https:\/\/imova.cl\/xrhub\/imova-lanza-capacitacion-de-riesgo-con-realidad-virtual\/"},"wordCount":475,"commentCount":0,"publisher":{"@id":"https:\/\/imova.cl\/#organization"},"image":{"@id":"https:\/\/imova.cl\/xrhub\/imova-lanza-capacitacion-de-riesgo-con-realidad-virtual\/#primaryimage"},"thumbnailUrl":"https:\/\/imova.cl\/wp-content\/uploads\/2022\/10\/Captura-de-pantalla-2022-10-19-a-las-15.50.47.png","articleSection":["Empresas","Realidad Virtual"],"inLanguage":"en-GB","potentialAction":[{"@type":"CommentAction","name":"Comment","target":["https:\/\/imova.cl\/xrhub\/imova-lanza-capacitacion-de-riesgo-con-realidad-virtual\/#respond"]}]},{"@type":"WebPage","@id":"https:\/\/imova.cl\/xrhub\/imova-lanza-capacitacion-de-riesgo-con-realidad-virtual\/","url":"https:\/\/imova.cl\/xrhub\/imova-lanza-capacitacion-de-riesgo-con-realidad-virtual\/","name":"IMOVA lanza Capacitaci\u00f3n de Riesgo con realidad virtual - IMOVA","isPartOf":{"@id":"https:\/\/imova.cl\/#website"},"primaryImageOfPage":{"@id":"https:\/\/imova.cl\/xrhub\/imova-lanza-capacitacion-de-riesgo-con-realidad-virtual\/#primaryimage"},"image":{"@id":"https:\/\/imova.cl\/xrhub\/imova-lanza-capacitacion-de-riesgo-con-realidad-virtual\/#primaryimage"},"thumbnailUrl":"https:\/\/imova.cl\/wp-content\/uploads\/2022\/10\/Captura-de-pantalla-2022-10-19-a-las-15.50.47.png","datePublished":"2022-10-19T19:21:53+00:00","dateModified":"2023-01-09T20:07:44+00:00","breadcrumb":{"@id":"https:\/\/imova.cl\/xrhub\/imova-lanza-capacitacion-de-riesgo-con-realidad-virtual\/#breadcrumb"},"inLanguage":"en-GB","potentialAction":[{"@type":"ReadAction","target":["https:\/\/imova.cl\/xrhub\/imova-lanza-capacitacion-de-riesgo-con-realidad-virtual\/"]}]},{"@type":"ImageObject","inLanguage":"en-GB","@id":"https:\/\/imova.cl\/xrhub\/imova-lanza-capacitacion-de-riesgo-con-realidad-virtual\/#primaryimage","url":"https:\/\/imova.cl\/wp-content\/uploads\/2022\/10\/Captura-de-pantalla-2022-10-19-a-las-15.50.47.png","contentUrl":"https:\/\/imova.cl\/wp-content\/uploads\/2022\/10\/Captura-de-pantalla-2022-10-19-a-las-15.50.47.png","width":1180,"height":662},{"@type":"BreadcrumbList","@id":"https:\/\/imova.cl\/xrhub\/imova-lanza-capacitacion-de-riesgo-con-realidad-virtual\/#breadcrumb","itemListElement":[{"@type":"ListItem","position":1,"name":"Portada","item":"https:\/\/imova.cl\/"},{"@type":"ListItem","position":2,"name":"IMOVA lanza Capacitaci\u00f3n de Riesgo con realidad virtual"}]},{"@type":"WebSite","@id":"https:\/\/imova.cl\/#website","url":"https:\/\/imova.cl\/","name":"Realidad virtual, realidad aumentada y ciencia de datos","description":"Realidad virtual, Realidad aumentada &amp; Ciencia de datos","publisher":{"@id":"https:\/\/imova.cl\/#organization"},"potentialAction":[{"@type":"SearchAction","target":{"@type":"EntryPoint","urlTemplate":"https:\/\/imova.cl\/?s={search_term_string}"},"query-input":"required name=search_term_string"}],"inLanguage":"en-GB"},{"@type":"Organization","@id":"https:\/\/imova.cl\/#organization","name":"Realidad virtual, realidad aumentada y ciencia de datos","url":"https:\/\/imova.cl\/","logo":{"@type":"ImageObject","inLanguage":"en-GB","@id":"https:\/\/imova.cl\/#\/schema\/logo\/image\/","url":"https:\/\/imova.cl\/wp-content\/uploads\/2021\/05\/logo_color.png","contentUrl":"https:\/\/imova.cl\/wp-content\/uploads\/2021\/05\/logo_color.png","width":228,"height":59,"caption":"Realidad virtual, realidad aumentada y ciencia de datos"},"image":{"@id":"https:\/\/imova.cl\/#\/schema\/logo\/image\/"},"sameAs":["https:\/\/www.linkedin.com\/company\/imovavr-ar"]},{"@type":"Person","@id":"https:\/\/imova.cl\/#\/schema\/person\/75fb7372b90c227f84f808669999f748","name":"IML","image":{"@type":"ImageObject","inLanguage":"en-GB","@id":"https:\/\/imova.cl\/#\/schema\/person\/image\/","url":"https:\/\/secure.gravatar.com\/avatar\/5ba049f0998e1176adb3b830f2912078?s=96&d=mm&r=g","contentUrl":"https:\/\/secure.gravatar.com\/avatar\/5ba049f0998e1176adb3b830f2912078?s=96&d=mm&r=g","caption":"IML"},"url":"https:\/\/imova.cl\/en\/xrhub\/author\/iml\/"}]}},"_links":{"self":[{"href":"https:\/\/imova.cl\/en\/wp-json\/wp\/v2\/posts\/17771"}],"collection":[{"href":"https:\/\/imova.cl\/en\/wp-json\/wp\/v2\/posts"}],"about":[{"href":"https:\/\/imova.cl\/en\/wp-json\/wp\/v2\/types\/post"}],"author":[{"embeddable":true,"href":"https:\/\/imova.cl\/en\/wp-json\/wp\/v2\/users\/8"}],"replies":[{"embeddable":true,"href":"https:\/\/imova.cl\/en\/wp-json\/wp\/v2\/comments?post=17771"}],"version-history":[{"count":7,"href":"https:\/\/imova.cl\/en\/wp-json\/wp\/v2\/posts\/17771\/revisions"}],"predecessor-version":[{"id":17803,"href":"https:\/\/imova.cl\/en\/wp-json\/wp\/v2\/posts\/17771\/revisions\/17803"}],"wp:featuredmedia":[{"embeddable":true,"href":"https:\/\/imova.cl\/en\/wp-json\/wp\/v2\/media\/17776"}],"wp:attachment":[{"href":"https:\/\/imova.cl\/en\/wp-json\/wp\/v2\/media?parent=17771"}],"wp:term":[{"taxonomy":"category","embeddable":true,"href":"https:\/\/imova.cl\/en\/wp-json\/wp\/v2\/categories?post=17771"},{"taxonomy":"post_tag","embeddable":true,"href":"https:\/\/imova.cl\/en\/wp-json\/wp\/v2\/tags?post=17771"}],"curies":[{"name":"wp","href":"https:\/\/api.w.org\/{rel}","templated":true}]}}